{"id":1281,"date":"2020-08-21T14:17:42","date_gmt":"2020-08-21T12:17:42","guid":{"rendered":"https:\/\/jezerokut.hr\/josipova-jezicna-galerija\/?p=1281"},"modified":"2020-08-21T19:13:20","modified_gmt":"2020-08-21T17:13:20","slug":"iva","status":"publish","type":"post","link":"https:\/\/jezerokut.hr\/josipova-jezicna-galerija\/2020\/08\/21\/iva\/","title":{"rendered":"IVI NA SPOMEN"},"content":{"rendered":"<h3 style=\"text-align: center\"><span style=\"color: #000080\"><strong>Rijetka neizlje\u010diva bolest prekinula je \u017eivotni put Ive Milolo\u017ea <\/strong><\/span><\/h3>\n<h3 style=\"text-align: center\"><span style=\"color: #000080\"><strong>(24. 12. 1994. \u00a0\u2013 13. 8. 2020.), <\/strong><\/span><\/h3>\n<h3 style=\"text-align: center\"><span style=\"color: #000080\"><strong>likovne autorice <em>Josipove jezi\u010dne galerije<\/em>, SMIM portala.<\/strong><\/span><\/h3>\n<p>&nbsp;<\/p>\n<p><span style=\"color: #000080\"><strong>Iva Milolo\u017ea<\/strong><\/span> ro\u0111ena je u Zagrebu 25 minuta do Bo\u017ei\u0107a 1994. godine. Djetinjstvo u Zagrebu obilje\u017eile su joj obiteljske igre s bra\u0107om Hrvojem i Lukom, tatom Zoranom i mamom Sanjom, a osobito dedom: <span style=\"color: #008080\"><span style=\"color: #000080\"><strong>Milanom Milolo\u017eom<\/strong><\/span>,<\/span> koji je jednostavno obo\u017eavao svoje unuke s kojim su uvijek i\u0161li u &#8220;avanture&#8221;. Kao jedino \u017eensko dijete u nara\u0161taju Milolo\u017ea, bila je posebno voljena djevoj\u010dica koja je ljubav nesebi\u010dno dijelila drugima, izrazito empati\u010dna i pravdoljubiva, goleme \u017eivotne energije, vedrine i radosti. Bila je uvijek bistra i otvorena duha, elokventna ve\u0107 u najranijoj dobi, pa je svoj prvi honorar po\u010dela dobivati sa pet godina kao dje\u010dja spikerica u radijskoj emisiji <em>Slovice<\/em> (HRT).<\/p>\n<p>Sve faze \u0161kolovanja zavr\u0161ila je u Zagrebu, no najljep\u0161e joj je \u017eivotno razdoblje bilo ono srednjo\u0161kolsko, i to u <em><strong>\u0160koli za primijenjene umjetnosti i dizajn<\/strong><\/em>, Grafi\u010dki odjel. Obo\u017eavala je obiteljsko ozra\u010dje i kreativnost kojom je odisala njezina najdra\u017ea \u0161kolica. Tijekom \u0161kolovanja nikomu nije govorila da potje\u010de od poznate obitelji likovnjaka Gagi\u0107 (baka Ana Landeki\u0107-Gagi\u0107, ujak Zoran Landeki\u0107 (tako\u0111er se \u0161kolovao u \u0160PUD-u), teta Ivana Gagi\u0107-Ki\u010dinba\u010di (u\u010denica generacije u \u0160PUD-u, diplomirala na ALU), ujak Mislav Toma\u0161injak (sin pjesnikinje i \u0161ahistice Snje\u017eane Gagi\u0107, diplomirao na ALU) jer je, kao i sve drugo u \u017eivotu, htjela odraditi sama ne pozivaju\u0107i se ni na koga osim na vlastiti trud i rad.<\/p>\n<div id=\"attachment_1355\" style=\"width: 810px\" class=\"wp-caption aligncenter\"><img loading=\"lazy\" decoding=\"async\" aria-describedby=\"caption-attachment-1355\" class=\"wp-image-1355 size-full\" src=\"https:\/\/jezerokut.hr\/josipova-jezicna-galerija\/wp-content\/uploads\/sites\/3\/2020\/08\/Slide3-e1598010200813.jpg\" alt=\"\" width=\"800\" height=\"600\" srcset=\"https:\/\/jezerokut.hr\/josipova-jezicna-galerija\/wp-content\/uploads\/sites\/3\/2020\/08\/Slide3-e1598010200813.jpg 800w, https:\/\/jezerokut.hr\/josipova-jezicna-galerija\/wp-content\/uploads\/sites\/3\/2020\/08\/Slide3-480x360.jpg 480w\" sizes=\"(min-width: 0px) and (max-width: 480px) 480px, (min-width: 481px) 800px, 100vw\" \/><p id=\"caption-attachment-1355\" class=\"wp-caption-text\">Iva predstavlja \u0160PUD u Budimpe\u0161ti <br \/>Foto: obiteljska arhiva<\/p><\/div>\n<p>&nbsp;<\/p>\n<p>Uvijek bi joj se i kasnije, kad je bila studentica Akademije likovnih umjetnosti, prolaze\u0107i pokraj zgrade \u0160PUD-a, lice ozarilo sre\u0107om. Silno je voljela svoju \u0161kolu. Kao u\u010denica ju je i predstavljala na me\u0111unarodnom susretu \u0161kola u Budimpe\u0161ti. Kao u\u010denica bila je nagra\u0111ena za svoje rje\u0161enje bilje\u017enice (2. nagrada) Lipe Mill, a maturalni joj je rad bio izrada fonta AERO.<\/p>\n<p>&nbsp;<\/p>\n<div id=\"attachment_1354\" style=\"width: 810px\" class=\"wp-caption aligncenter\"><img loading=\"lazy\" decoding=\"async\" aria-describedby=\"caption-attachment-1354\" class=\"wp-image-1354 size-full\" src=\"https:\/\/jezerokut.hr\/josipova-jezicna-galerija\/wp-content\/uploads\/sites\/3\/2020\/08\/Slide2-e1598010178349.jpg\" alt=\"\" width=\"800\" height=\"600\" srcset=\"https:\/\/jezerokut.hr\/josipova-jezicna-galerija\/wp-content\/uploads\/sites\/3\/2020\/08\/Slide2-e1598010178349.jpg 800w, https:\/\/jezerokut.hr\/josipova-jezicna-galerija\/wp-content\/uploads\/sites\/3\/2020\/08\/Slide2-480x360.jpg 480w\" sizes=\"(min-width: 0px) and (max-width: 480px) 480px, (min-width: 481px) 800px, 100vw\" \/><p id=\"caption-attachment-1354\" class=\"wp-caption-text\">Nagra\u0111ena bilje\u017enica kad je Iva bila 2. razred \u0160PUD-a. <br \/>Foto: Obiteljska arhiva<\/p><\/div>\n<p>&nbsp;<\/p>\n<div id=\"attachment_1353\" style=\"width: 810px\" class=\"wp-caption aligncenter\"><img loading=\"lazy\" decoding=\"async\" aria-describedby=\"caption-attachment-1353\" class=\"wp-image-1353 size-full\" src=\"https:\/\/jezerokut.hr\/josipova-jezicna-galerija\/wp-content\/uploads\/sites\/3\/2020\/08\/Slide1-e1598010154739.jpg\" alt=\"\" width=\"800\" height=\"600\" srcset=\"https:\/\/jezerokut.hr\/josipova-jezicna-galerija\/wp-content\/uploads\/sites\/3\/2020\/08\/Slide1-e1598010154739.jpg 800w, https:\/\/jezerokut.hr\/josipova-jezicna-galerija\/wp-content\/uploads\/sites\/3\/2020\/08\/Slide1-480x360.jpg 480w\" sizes=\"(min-width: 0px) and (max-width: 480px) 480px, (min-width: 481px) 800px, 100vw\" \/><p id=\"caption-attachment-1353\" class=\"wp-caption-text\">Font AERO iz Ivina maturalnoga rada <br \/>Foto: obiteljska arhiva<\/p><\/div>\n<p>&nbsp;<\/p>\n<p>&nbsp;<\/p>\n<p>Izlagala je svoje radove na mnogo skupnih i <strong>dvije samostalne izlo\u017ebe<\/strong>: u O\u0160 Jure Ka\u0161telana predstavila je svoje radove na izlo\u017ebi <span style=\"color: #000080\"><strong>Spomen stiha<\/strong><\/span> (izlo\u017eba Ka\u0161telanovih portreta), a u Knji\u017enici grada Zagreba u Podsusedu na izlo\u017ebi <span style=\"color: #000080\"><strong>Pri\u010de iz dubine<\/strong><\/span> (vezane uz izdanje <em>Josipove gramatiljke 5<\/em> i <em>Pri\u010de iz davnine<\/em> Ivane Brli\u0107-Ma\u017eurani\u0107). Iva je bila i samozatajna pjesnikinja o \u010demu svjedo\u010de neki akademski radovi koji su profesore iznenadili svojom metafizi\u010dno\u0161\u0107u i blagoglagoljivo\u0161\u0107u.<\/p>\n<p>&nbsp;<\/p>\n<div id=\"attachment_1358\" style=\"width: 810px\" class=\"wp-caption aligncenter\"><img loading=\"lazy\" decoding=\"async\" aria-describedby=\"caption-attachment-1358\" class=\"wp-image-1358 size-full\" src=\"https:\/\/jezerokut.hr\/josipova-jezicna-galerija\/wp-content\/uploads\/sites\/3\/2020\/08\/Slide6-e1598010263876.jpg\" alt=\"\" width=\"800\" height=\"600\" srcset=\"https:\/\/jezerokut.hr\/josipova-jezicna-galerija\/wp-content\/uploads\/sites\/3\/2020\/08\/Slide6-e1598010263876.jpg 800w, https:\/\/jezerokut.hr\/josipova-jezicna-galerija\/wp-content\/uploads\/sites\/3\/2020\/08\/Slide6-480x360.jpg 480w\" sizes=\"(min-width: 0px) and (max-width: 480px) 480px, (min-width: 481px) 800px, 100vw\" \/><p id=\"caption-attachment-1358\" class=\"wp-caption-text\">Ivin Svaro\u017ei\u0107 izvan Gramatiljke <br \/>Foto: Sanja Milolo\u017ea<\/p><\/div>\n<p>&nbsp;<\/p>\n<p>Sura\u0111ivala je od malih nogu u \u010dasopisu <span style=\"color: #000080\"><strong>\u010carobna frula <\/strong><\/span>O\u0160 Jure Ka\u0161telana, jo\u0161 dok je list vodila <strong>Maca Tonkovi\u0107,<\/strong> prof., \u0161kolska knji\u017eni\u010darka u mirovini.<\/p>\n<p>&nbsp;<\/p>\n<p>&nbsp;<\/p>\n<div id=\"attachment_1349\" style=\"width: 810px\" class=\"wp-caption aligncenter\"><img loading=\"lazy\" decoding=\"async\" aria-describedby=\"caption-attachment-1349\" class=\"wp-image-1349 size-full\" src=\"https:\/\/jezerokut.hr\/josipova-jezicna-galerija\/wp-content\/uploads\/sites\/3\/2020\/08\/iva-e1597957536323.jpg\" alt=\"\" width=\"800\" height=\"600\" srcset=\"https:\/\/jezerokut.hr\/josipova-jezicna-galerija\/wp-content\/uploads\/sites\/3\/2020\/08\/iva-e1597957536323.jpg 800w, https:\/\/jezerokut.hr\/josipova-jezicna-galerija\/wp-content\/uploads\/sites\/3\/2020\/08\/iva-480x360.jpg 480w\" sizes=\"(min-width: 0px) and (max-width: 480px) 480px, (min-width: 481px) 800px, 100vw\" \/><p id=\"caption-attachment-1349\" class=\"wp-caption-text\">Iva crta Klaru na zidu u\u010dionice hrvatskoga jezika u O\u0160 Jure Ka\u0161telana. <br \/>Foto: Sanja Milolo\u017ea<\/p><\/div>\n<p>&nbsp;<\/p>\n<p>&nbsp;<\/p>\n<p>Za potrebe \u0161kole izradila je zidne slike likova iz ud\u017ebenika Filipa i Klaru u prirodnoj veli\u010dini, dizajnirala je pohvalnice za Zid ponosa, tj. zlatne i srebrne u\u010denike generacije, pohvalnice i zahvalnice za Natjecanja iz tehni\u010dke kulture koje se provodi u O\u0160 Jure Ka\u0161telana. Zadnji doprinos dala je u oblikovanju zbornika za 100. obljetnicu ro\u0111enja Jure Ka\u0161telana koji je uredila njezina majka s kolegama iz glazbene kulture (Marko Ja\u0161ek, prof.) i likovne kulture (Dubravka \u0110uretek-\u0160uper, prof.): na koricama je Ivin dizajn pohvalnica za Zid ponosa s imenima u\u010denika generacije \u0161kole u 21. stolje\u0107u, a Ka\u0161telanovi portreti s prve izlo\u017ebe otisuti su kao poseban zborni\u010dki prilog.<\/p>\n<p>&nbsp;<\/p>\n<div id=\"attachment_1357\" style=\"width: 810px\" class=\"wp-caption aligncenter\"><img loading=\"lazy\" decoding=\"async\" aria-describedby=\"caption-attachment-1357\" class=\"wp-image-1357 size-full\" src=\"https:\/\/jezerokut.hr\/josipova-jezicna-galerija\/wp-content\/uploads\/sites\/3\/2020\/08\/Slide5-e1598010240963.jpg\" alt=\"\" width=\"800\" height=\"600\" srcset=\"https:\/\/jezerokut.hr\/josipova-jezicna-galerija\/wp-content\/uploads\/sites\/3\/2020\/08\/Slide5-e1598010240963.jpg 800w, https:\/\/jezerokut.hr\/josipova-jezicna-galerija\/wp-content\/uploads\/sites\/3\/2020\/08\/Slide5-480x360.jpg 480w\" sizes=\"(min-width: 0px) and (max-width: 480px) 480px, (min-width: 481px) 800px, 100vw\" \/><p id=\"caption-attachment-1357\" class=\"wp-caption-text\">Izvan vremena i Protagonist dvije su slike s njezine prve samostalne izlo\u017ebe s kojima je Iva bila gotovo zadovoljna. Uvijek je te\u017eila \u0161to boljemu likovnu izrazu. <br \/>Foto: Sanja Milolo\u017ea<\/p><\/div>\n<p>&nbsp;<\/p>\n<p>S majkom je osmislila cijeli niz likova: za ud\u017ebeni\u010dku seriju <em>Hrvatske jezi\u010dne niti<\/em> (prirodoljupka <span style=\"color: #008080\"><em>Klara<\/em><\/span>, njezin najbolji prijatelj <span style=\"color: #008080\"><em>Filip<\/em><\/span>, ma\u010dak <span style=\"color: #008080\"><em>Sivko<\/em><\/span>, papiga <span style=\"color: #008080\"><em>Riki<\/em><\/span>; Klarin brat <span style=\"color: #008080\"><em>Martin<\/em><\/span>\u00a0i Filipova sestrica <span style=\"color: #008080\"><em>Helena<\/em>;<\/span> hrvatska ov\u010darka <span style=\"color: #008080\"><em>Lusi<\/em>; <em>Marko<\/em>, <em>Ilona<\/em>, <em>Henrikka<\/em><\/span>), za <em>Josipove gramatiljke<\/em> (<em><span style=\"color: #008080\">Josip, Josipova sestra Ivana i pas Maks)<\/span><\/em>, za <em>\u010carobnu frulu<\/em> dvoje vilenjaka <span style=\"color: #008080\"><em>Lucijana Edenlandskog<\/em><\/span> i <em><span style=\"color: #008080\">Oku Otoniji\u0107<\/span><\/em>&#8230; Svima je dala \u017eivot i dinamiku, u pravom smislu rije\u010di udahnula im du\u0161u. Plijenila je svojim crta\u010dkim i slikarskim umije\u0107em te rado pomagala drugima pri usvajanju toga va\u017enog procesa.<\/p>\n<p>&nbsp;<\/p>\n<div id=\"attachment_1356\" style=\"width: 810px\" class=\"wp-caption aligncenter\"><img loading=\"lazy\" decoding=\"async\" aria-describedby=\"caption-attachment-1356\" class=\"wp-image-1356 size-full\" src=\"https:\/\/jezerokut.hr\/josipova-jezicna-galerija\/wp-content\/uploads\/sites\/3\/2020\/08\/Slide4-e1598010221899.jpg\" alt=\"\" width=\"800\" height=\"600\" srcset=\"https:\/\/jezerokut.hr\/josipova-jezicna-galerija\/wp-content\/uploads\/sites\/3\/2020\/08\/Slide4-e1598010221899.jpg 800w, https:\/\/jezerokut.hr\/josipova-jezicna-galerija\/wp-content\/uploads\/sites\/3\/2020\/08\/Slide4-480x360.jpg 480w\" sizes=\"(min-width: 0px) and (max-width: 480px) 480px, (min-width: 481px) 800px, 100vw\" \/><p id=\"caption-attachment-1356\" class=\"wp-caption-text\">Naslovnice Josipove gramatiljke i serije ud\u017ebenika Hrvatske jezi\u010dne niti. <br \/>Foto: Sanja Milolo\u017ea<\/p><\/div>\n<p>&nbsp;<\/p>\n<p>Tako\u0111er je predano radila na grafi\u010dkome oblikovanju ostaviv\u0161i neizbrisiv trag u grafi\u010dkoj slu\u017ebi izdava\u010dke ku\u0107e Alfa \u010dije je djelatnike smatrala svojim prijateljima i rado je i radosno od njih namjeravala u\u010diti. Te\u0161ka bolest sprije\u010dila ju je da diplomira na Nastavni\u010dkom odsjeku Akademije likovnih umjetnosti u Zagrebu gdje je zapo\u010dela diplomski rad iz metafizi\u010dke grafike pod naslovom <span style=\"color: #008080\"><strong>HELIOPOLIS <\/strong><\/span>te je zaustavila njezinu radosnu i kreativnu plodonosnu suradnju s majkom kojoj se toliko radovala. U pripremi je ostala i pjesmarica<strong> fORA ZBORA<\/strong> <strong>Marka Ja\u0161eka<\/strong> i <strong>Sanje Milolo\u017ea<\/strong> koju je ilustrirala prema skladbama dje\u010djih pjesama zbora Ka\u0161telanci. Zadnje je ilustracije i skice radila za Alfin ud\u017ebenik za hrvatski jezik<em> Hrvatske jezi\u010dne niti 8<\/em> po kojima \u0107e rad, po Ivinoj izri\u010ditoj \u017eelji, nastaviti njezin dugogodi\u0161nji prijatelj, akademski grafi\u010dar i profesor likovne kulture <strong><span style=\"color: #008080\">Nikola \u010cizme\u0161ija.\u00a0<\/span><\/strong><\/p>\n<p>Ivine ilustracije nadahnule su maj\u010dinu seriju digitalnih jezi\u010dnih igara <em><strong>Pobijedi zmaja Krivoslova <\/strong><\/em>u kojoj se pojavljuju Ivini likovi <em><span style=\"color: #008080\">Klara<\/span><\/em>, <em><span style=\"color: #008080\">Filip<\/span><\/em>, <em><span style=\"color: #008080\">Martin<\/span><\/em>, <em><span style=\"color: #008080\">Lusi<\/span><\/em> i <em><span style=\"color: #008080\">zmaj Krivoslov<\/span><\/em>.<\/p>\n<p>Oprostili smo se od na\u0161e Ive 18. kolovoza 2020. na zagreba\u010dkom Miro\u0161evcu, uz maj\u010dinu pjesmu k\u0107eri posve\u0107enu koju je otpjevala Jelena Radan uz gitarsku pratnju Marka Ja\u0161eka, <em>Pri\u010de iz dubine, <\/em>Ivinu pjesmu<em> Bitan je Krist <\/em>i havajski duhovni tekst <em>Kad budem odlazila <\/em>koje je pro\u010ditala Katja Petrovi\u0107, prof. Prigodnim govorom od Ive su se oprostili Damir Br\u010di\u0107, prof. \u0160PUD-a, Kre\u0161imir Supanc, ravnatelj O\u0160 Jure Ka\u0161telana i brat Hrvoje Milolo\u017ea.<\/p>\n<p>&nbsp;<\/p>\n<div id=\"attachment_1364\" style=\"width: 810px\" class=\"wp-caption aligncenter\"><img loading=\"lazy\" decoding=\"async\" aria-describedby=\"caption-attachment-1364\" class=\"wp-image-1364 size-full\" src=\"https:\/\/jezerokut.hr\/josipova-jezicna-galerija\/wp-content\/uploads\/sites\/3\/2020\/08\/Iva-f-e1598028848601.jpg\" alt=\"\" width=\"800\" height=\"600\" srcset=\"https:\/\/jezerokut.hr\/josipova-jezicna-galerija\/wp-content\/uploads\/sites\/3\/2020\/08\/Iva-f-e1598028848601.jpg 800w, https:\/\/jezerokut.hr\/josipova-jezicna-galerija\/wp-content\/uploads\/sites\/3\/2020\/08\/Iva-f-480x360.jpg 480w\" sizes=\"(min-width: 0px) and (max-width: 480px) 480px, (min-width: 481px) 800px, 100vw\" \/><p id=\"caption-attachment-1364\" class=\"wp-caption-text\">Ivi na spomen. <br \/>Foto: Ivan Crnjak<\/p><\/div>\n<p>&nbsp;<\/p>\n<p>Sa samo 25 godina napravila si, milo dijete, vi\u0161e nego \u0161to neki naprave cijeli \u017eivot. Iz na\u0161ih si srdaca i du\u0161a neizbrisiva. Po\u010divaj u miru Bo\u017ejem.<\/p>\n<p style=\"text-align: right\"><span style=\"color: #008080\"><em>Uredni\u0161tvo SMIM portala<\/em><\/span><\/p>\n<p>&nbsp;<\/p>\n<p>&nbsp;<\/p>\n<p>&nbsp;<\/p>\n<p>&nbsp;<\/p>\n<p>&nbsp;<\/p>\n<p>&nbsp;<\/p>\n<p>&nbsp;<\/p>\n<p>&nbsp;<\/p>\n","protected":false},"excerpt":{"rendered":"<p>Rijetka neizlje\u010diva bolest prekinula je \u017eivotni put Ive Milolo\u017ea (24. 12. 1994. \u00a0\u2013 13. 8. 2020.), likovne autorice Josipove jezi\u010dne galerije, SMIM portala. &nbsp; Iva Milolo\u017ea ro\u0111ena je u Zagrebu 25 minuta do Bo\u017ei\u0107a 1994. godine. Djetinjstvo u Zagrebu obilje\u017eile su joj obiteljske igre s bra\u0107om Hrvojem i Lukom, tatom Zoranom i mamom Sanjom, a [&hellip;]<\/p>\n","protected":false},"author":5,"featured_media":1352,"comment_status":"closed","ping_status":"closed","sticky":false,"template":"","format":"standard","meta":{"_et_pb_use_builder":"","_et_pb_old_content":"","_et_gb_content_width":"","footnotes":""},"categories":[25],"tags":[268,269,34,267],"class_list":["post-1281","post","type-post","status-publish","format-standard","has-post-thumbnail","hentry","category-autorski-clanci","tag-alu","tag-hrvatske-jezicne-niti","tag-iva-miloloza","tag-spud"],"_links":{"self":[{"href":"https:\/\/jezerokut.hr\/josipova-jezicna-galerija\/wp-json\/wp\/v2\/posts\/1281","targetHints":{"allow":["GET"]}}],"collection":[{"href":"https:\/\/jezerokut.hr\/josipova-jezicna-galerija\/wp-json\/wp\/v2\/posts"}],"about":[{"href":"https:\/\/jezerokut.hr\/josipova-jezicna-galerija\/wp-json\/wp\/v2\/types\/post"}],"author":[{"embeddable":true,"href":"https:\/\/jezerokut.hr\/josipova-jezicna-galerija\/wp-json\/wp\/v2\/users\/5"}],"replies":[{"embeddable":true,"href":"https:\/\/jezerokut.hr\/josipova-jezicna-galerija\/wp-json\/wp\/v2\/comments?post=1281"}],"version-history":[{"count":11,"href":"https:\/\/jezerokut.hr\/josipova-jezicna-galerija\/wp-json\/wp\/v2\/posts\/1281\/revisions"}],"predecessor-version":[{"id":1368,"href":"https:\/\/jezerokut.hr\/josipova-jezicna-galerija\/wp-json\/wp\/v2\/posts\/1281\/revisions\/1368"}],"wp:featuredmedia":[{"embeddable":true,"href":"https:\/\/jezerokut.hr\/josipova-jezicna-galerija\/wp-json\/wp\/v2\/media\/1352"}],"wp:attachment":[{"href":"https:\/\/jezerokut.hr\/josipova-jezicna-galerija\/wp-json\/wp\/v2\/media?parent=1281"}],"wp:term":[{"taxonomy":"category","embeddable":true,"href":"https:\/\/jezerokut.hr\/josipova-jezicna-galerija\/wp-json\/wp\/v2\/categories?post=1281"},{"taxonomy":"post_tag","embeddable":true,"href":"https:\/\/jezerokut.hr\/josipova-jezicna-galerija\/wp-json\/wp\/v2\/tags?post=1281"}],"curies":[{"name":"wp","href":"https:\/\/api.w.org\/{rel}","templated":true}]}}