{"id":1684,"date":"2022-01-22T01:19:48","date_gmt":"2022-01-22T00:19:48","guid":{"rendered":"https:\/\/jezerokut.hr\/josipova-jezicna-galerija\/?p=1684"},"modified":"2022-02-02T01:20:37","modified_gmt":"2022-02-02T00:20:37","slug":"nova-gramaticka-zbirka-za-8-razred","status":"publish","type":"post","link":"https:\/\/jezerokut.hr\/josipova-jezicna-galerija\/2022\/01\/22\/nova-gramaticka-zbirka-za-8-razred\/","title":{"rendered":"NOVA GRAMATI\u010cKA ZBIRKA ZA 8. RAZRED"},"content":{"rendered":"<h3 style=\"text-align: center\"><strong><span style=\"color: #000080\">Josipova jezi\u010dna galerija s ponosom predstavlja najnovije izdanje <\/span><\/strong><\/h3>\n<h3 style=\"text-align: center\"><strong><span style=\"color: #000080\">za dodatnu nastavu u 8. razredu s temom zavisnoslo\u017eene sintakse. <\/span><\/strong><\/h3>\n<h3 style=\"text-align: center\"><strong><span style=\"color: #000080\">Autorski tim \u010dine jedna u\u010denica, dvije profesorice i jedna kiparica, <\/span><\/strong><\/h3>\n<h3 style=\"text-align: center\"><strong><span style=\"color: #000080\">a zbirka donosi uvodna tuma\u010denja, 100 re\u010denica, citate, sva rje\u0161enja<\/span><\/strong><\/h3>\n<h3 style=\"text-align: center\"><strong><span style=\"color: #000080\"> ra\u0161\u010dlambe i bilje\u0161ke o autoricama. Recenzentica: dr. sc. Tanja Ku\u0161tovi\u0107.<\/span><\/strong><\/h3>\n<p>&nbsp;<\/p>\n<p>Josipova jezi\u010dna galerija s ponosom predstavlja najnovije izdanje za dodatnu nastavu u 8. razredu s temom zavisnoslo\u017eene sintakse. Rije\u010d je o zbirci <a href=\"https:\/\/read.bookcreator.com\/PNdUSoTbr6OmlDKMvlebMprhZKG2\/zjnjmhhCT2aE4ld3WenFfQ\"><strong><span style=\"color: #000080\">Znalci radoznalci 8<\/span><\/strong><\/a>. Autorice su mu <strong><span style=\"color: #000080\">Petra Popovi\u0107<\/span><\/strong> (2. razred XV. gimnazije u Zagrebu), <strong><span style=\"color: #000080\">Sanja Bosak<\/span><\/strong>, prof. (u\u010diteljica savjetnica u O\u0160 Male\u0161nica u Zagrebu) i <strong><span style=\"color: #000080\">Sanja Milolo\u017ea<\/span><\/strong>, prof. (u\u010diteljica savjetnica u O\u0160 Jure Ka\u0161telana u Zagrebu i glavna urednica autorskog portala JJG-a i slu\u017ebenog portala DPHJ-a), a izdanje je ilustrirala <strong><span style=\"color: #000080\">Ana Maria Maravi\u0107<\/span><\/strong>, akademska kiparica, nastaviv\u0161i rad <strong>Ive Milolo\u017ee<\/strong> s likovima Josipom, Maksom i Vatricom.<\/p>\n<p>Djelo donosi 100 zavisnoslo\u017eenih re\u010denica s uvodnim tuma\u010denjima, citatima i rje\u0161enjima ra\u0161\u010dlambe svih primjera. Na kraju su dodane bilje\u0161ke o autoricama. Zbirku od 148 stranica recenzirala je <strong><span style=\"color: #000080\">dr. sc. Tanja Ku\u0161tovi\u0107<\/span><\/strong>, sveu\u010dili\u0161na profesorica s FF-a u Zagrebu. To je mre\u017eno izdanje otvoreno za uporabu svim korisnicima Josipove jezi\u010dne galerije koji se interesiraju za zavisnoslo\u017eene re\u010denice.<\/p>\n<p>Zbirci mo\u017eete pristupiti <a href=\"https:\/\/read.bookcreator.com\/PNdUSoTbr6OmlDKMvlebMprhZKG2\/zjnjmhhCT2aE4ld3WenFfQ\"><strong><span style=\"color: #000080\">ovdje.<\/span><\/strong><\/a><\/p>\n<p style=\"text-align: right\"><em><span style=\"color: #000080\">SMIM, foto: SM<\/span><\/em><\/p>\n<p>&nbsp;<\/p>\n","protected":false},"excerpt":{"rendered":"<p>Josipova jezi\u010dna galerija s ponosom predstavlja najnovije izdanje za dodatnu nastavu u 8. razredu s temom zavisnoslo\u017eene sintakse. Autorski tim \u010dine jedna u\u010denica, dvije profesorice i jedna kiparica, a zbirka donosi uvodna tuma\u010denja, 100 re\u010denica, citate, sva rje\u0161enja ra\u0161\u010dlambe i bilje\u0161ke o autoricama. Recenzentica: dr. sc. Tanja Ku\u0161tovi\u0107. &nbsp; Josipova jezi\u010dna galerija s ponosom predstavlja [&hellip;]<\/p>\n","protected":false},"author":5,"featured_media":1685,"comment_status":"closed","ping_status":"closed","sticky":false,"template":"","format":"standard","meta":{"_et_pb_use_builder":"","_et_pb_old_content":"","_et_gb_content_width":"","footnotes":""},"categories":[25],"tags":[333,148,331,332,33],"class_list":["post-1684","post","type-post","status-publish","format-standard","has-post-thumbnail","hentry","category-autorski-clanci","tag-ana-maria-maravic","tag-josipova-jezicna-galerija","tag-petra-popovic","tag-sanja-bosak","tag-sanja-miloloza"],"_links":{"self":[{"href":"https:\/\/jezerokut.hr\/josipova-jezicna-galerija\/wp-json\/wp\/v2\/posts\/1684","targetHints":{"allow":["GET"]}}],"collection":[{"href":"https:\/\/jezerokut.hr\/josipova-jezicna-galerija\/wp-json\/wp\/v2\/posts"}],"about":[{"href":"https:\/\/jezerokut.hr\/josipova-jezicna-galerija\/wp-json\/wp\/v2\/types\/post"}],"author":[{"embeddable":true,"href":"https:\/\/jezerokut.hr\/josipova-jezicna-galerija\/wp-json\/wp\/v2\/users\/5"}],"replies":[{"embeddable":true,"href":"https:\/\/jezerokut.hr\/josipova-jezicna-galerija\/wp-json\/wp\/v2\/comments?post=1684"}],"version-history":[{"count":4,"href":"https:\/\/jezerokut.hr\/josipova-jezicna-galerija\/wp-json\/wp\/v2\/posts\/1684\/revisions"}],"predecessor-version":[{"id":1689,"href":"https:\/\/jezerokut.hr\/josipova-jezicna-galerija\/wp-json\/wp\/v2\/posts\/1684\/revisions\/1689"}],"wp:featuredmedia":[{"embeddable":true,"href":"https:\/\/jezerokut.hr\/josipova-jezicna-galerija\/wp-json\/wp\/v2\/media\/1685"}],"wp:attachment":[{"href":"https:\/\/jezerokut.hr\/josipova-jezicna-galerija\/wp-json\/wp\/v2\/media?parent=1684"}],"wp:term":[{"taxonomy":"category","embeddable":true,"href":"https:\/\/jezerokut.hr\/josipova-jezicna-galerija\/wp-json\/wp\/v2\/categories?post=1684"},{"taxonomy":"post_tag","embeddable":true,"href":"https:\/\/jezerokut.hr\/josipova-jezicna-galerija\/wp-json\/wp\/v2\/tags?post=1684"}],"curies":[{"name":"wp","href":"https:\/\/api.w.org\/{rel}","templated":true}]}}